{"id":249,"date":"2012-06-03T23:40:40","date_gmt":"2012-06-03T21:40:40","guid":{"rendered":"http:\/\/paulvangrieken.nl\/blog\/?p=249"},"modified":"2012-06-03T23:40:40","modified_gmt":"2012-06-03T21:40:40","slug":"car2go-en-het-vvd-getreiter","status":"publish","type":"post","link":"http:\/\/paulvangrieken.nl\/blog\/?p=249","title":{"rendered":"Car2go en het VVD-getreiter"},"content":{"rendered":"<p>Pasje voor de voorruit, pincode intoetsen en wegrijden.<\/p>\n<div id=\"attachment_250\" style=\"width: 210px\" class=\"wp-caption alignright\"><a href=\"http:\/\/paulvangrieken.nl\/blog\/wp-content\/uploads\/2012\/06\/6511042715_393bfff411.jpg\"><img aria-describedby=\"caption-attachment-250\" decoding=\"async\" loading=\"lazy\" class=\"size-medium wp-image-250\" title=\"Car2go aan een oplaadpunt\" src=\"http:\/\/paulvangrieken.nl\/blog\/wp-content\/uploads\/2012\/06\/6511042715_393bfff411-200x150.jpg\" alt=\"\" width=\"200\" height=\"150\" srcset=\"http:\/\/paulvangrieken.nl\/blog\/wp-content\/uploads\/2012\/06\/6511042715_393bfff411-200x150.jpg 200w, http:\/\/paulvangrieken.nl\/blog\/wp-content\/uploads\/2012\/06\/6511042715_393bfff411.jpg 500w\" sizes=\"(max-width: 200px) 100vw, 200px\" \/><\/a><p id=\"caption-attachment-250\" class=\"wp-caption-text\">Car2go aan een oplaadpunt<\/p><\/div>\n<p>Zo simpel is het met de <a href=\"http:\/\/www.car2go.com\/amsterdam\/nl\/\">car2go<\/a> \u2013 het elektrische deelautootje waarvan er in Amsterdam zo&#8217;n 300 beschikbaar zijn. Dit weekend probeerde ik het voor het eerst, en het werkt fantastisch. Als doorgewinterde fietser heb ik altijd enkele reserves te overwinnen bij het rijden in een auto. Altijd een momentje van onwennigheid, of het nu gaat om een <em>GreenWheels<\/em> is (ook een prima mobiliteitsconcept), de auto van mijn ouders, een huurauto in een vakantieland of een elektrische <em>car2go<\/em>. Dat momentje is bij mij vooral mentaal; zodra je in de auto zit, gaat het autorijden als vanzelfsprekend. Per saldo geniet ik dus <em>niet<\/em> de zorglast van een eigen auto, maar <em>wel<\/em> de automobiliteit.<\/p>\n<p>&nbsp;<\/p>\n<p><strong>Car2go<\/strong><\/p>\n<p>Dit weekend gebruikte ik de car2go twee keer. De eerste keer om naar de huisartsenpost in het Sint Lucas Andreas Ziekenhuis te gaan. Die ligt buiten de ring A10 en buiten het &#8216;werkgebied&#8217; van car2go. Maar dat is geen probleem: tijdens het bezoek blijft de auto gereserveerd en kan (ok\u00e9: moet) je er weer mee terug. De tweede keer reed ik van mijn huis in de Pijp naar buurtboerderij Ons Genoegen in het Westerpark, alwaar <a href=\"http:\/\/amsterdam.groenlinks.nl\/groenelintjes\">GroenLinks groene lintjes<\/a> uitreikte. Na afloop reed ik weer terug. Meestal goed te fietsen, maar dit keer was een elektrisch autootje vanwege een zwangere vrouw en regenachtig weer een welkom alternatief. Zowel de zaterdag in de Baarsjes als de zondag in de Pijp was een <em>car2go <\/em>vlakbij \u2013 op enkele minuten lopen \u2013 beschikbaar. Sterker, er was ruime keus, binnen een straal van 300 meter stonden meerdere <em>car2go<\/em>&#8217;s klaar. Zaterdag kon ik de car2go gewoon voor de deur laten staan \u2013 parkeerkaartje kopen hoeft niet!; zondag teruggekomen in de Pijp kwam de accu onder de 20% vermogen en moest ik de auto bij een oplaadpunt aan nieuw vermogen helpen. Dat was problematisch.<\/p>\n<p>&nbsp;<\/p>\n<p><strong>VVD-getreiter<\/strong><\/p>\n<p>Het navigatiesysteem in de car2go laat zien waar oplaadpunten zijn. Ik zag er talloze in stadsdeel West. Maar bijna thuis, in de Pijp, was er minder keus. Gelukkig zag ik \u00e9\u00e9n plekje bij mij in de buurt, in de Karel du Jardinstraat. E\u00e9n paal, twee plekken, beide bezet. Helaas. Verder zoeken. Geen enkel oplaadpunt in de Zuid-Pijp. Rijnstraat dan? Omgeving Churchilllaan? Niks. Uiteindelijk kon ik de auto kwijt aan de Stadionweg en dat is dan best een stukje lopen naar huis. Zwangere-vrouwlief had ik eerder \u2013 dichter bij huis \u2013 alvast laten uitstappen.<\/p>\n<p>Dit gebeurt dus als de VVD regeert. In het achterdochtige en krankzinnig conservatieve parkeerbeleid van het stadsdeel Zuid (VVD, gesteund door PvdA en D66) wordt paal en perk gesteld aan oplaadpunten. Die zouden maar ten koste gaan van &#8216;gewone&#8217; parkeerplaatsen. In de Pijp zijn er bijna 7.500 parkeerplaatsen. Het aantal oplaadpunten is er echter <a href=\"http:\/\/www.oplaadpalen.nl\/link\/2773fffff0000007f\/52.35068\/4.89333\/14\">minder dan tien<\/a>. En toch worden door VVD-wethouder Marco Kreuger tal van beperkingen (lees de <a href=\"http:\/\/www.zuid.amsterdam.nl\/@407666\/pagina\/\">parkeernota<\/a>) opgelegd aan oplaadpunten; <em>het moeten er vooral niet teveel worden<\/em>. De VVD is niet v\u00f3\u00f3r automobiliteit en v\u00f3\u00f3r de vrijheid als burger mobiel te mogen zijn. Ze zijn t\u00e9gen duurzaam, schoon autogebruik. En dat volledig gesteund door de Amsterdam-Zuidse biefstuksocialisten van de PvdA. Soms ben ik verbijsterd over de (politieke) onmogelijkheden van onze toekomst&#8230;<\/p>\n<p>&nbsp;<\/p>\n<p><strong>Amsterdam Zuid: van chique naar afvoerputje<\/strong><\/p>\n<p>Het momentje van onwennigheid waarover ik hierboven sprak heeft ook een positief aspect: de keuze voor de auto is een bewuste en daarmee minder onnodige. Amsterdam zou een stuk leefbaarder zijn zonder al het &#8216;onbewuste&#8217; c.q. onnodige autoverkeer. Maar de keuze\u00a0hiervoor wordt bepaald niet gesteund \u2013 eerder volop afgekeurd \u2013 door de politieke meerderheid in stadsdeel Zuid. Liever veel drukke, smerige straten met veel priv\u00e9-autobezit c.q. rijkdom, dan weloverwogen, schone, stille, gedeelde mogelijkheden voor automobiliteit. Met de VVD en PvdA wordt stadsdeel Zuid het smerigste en onaangenaamste stadsdeel van heel Amsterdam. Jammer \u2013 nee, vreselijk \u2013 voor een stadsdeel dat voor de economische en duurzame toekomst van Amsterdam zo belangrijk is. Alsjeblieft, laat dit veranderen.<\/p>\n<p>&nbsp;<\/p>\n<p><strong>Verandering: schone, stille, relaxte automobiliteit<\/strong><\/p>\n<p>Zal ik een poging doen? De stadsdeelraad van Zuid laten besluiten dat honderd extra oplaadpunten worden gerealiseerd in de Pijp (nog altijd minder dan 2% van de parkeerplaatsen!)? Echt, dat moet mogelijk zijn, dat is realistisch. Maar alleen met politiek wil. Ik kan daartoe een motie indienen bij de perspectiefnota van het stadsdeel Zuid in juni 2012. Denk je mee, steun je mij voor schone en stille mobiliteit?<\/p>\n","protected":false},"excerpt":{"rendered":"<p>Pasje voor de voorruit, pincode intoetsen en wegrijden. Zo simpel is het met de car2go \u2013 het elektrische deelautootje waarvan er in Amsterdam zo&#8217;n 300 beschikbaar zijn. Dit weekend probeerde ik het voor het eerst, en het werkt fantastisch. Als &hellip; <a href=\"http:\/\/paulvangrieken.nl\/blog\/?p=249\">Verder lezen <span class=\"meta-nav\">&rarr;<\/span><\/a><\/p>\n","protected":false},"author":1,"featured_media":0,"comment_status":"open","ping_status":"open","sticky":false,"template":"","format":"standard","meta":{"footnotes":""},"categories":[3,4,5],"tags":[10,31,34,17],"_links":{"self":[{"href":"http:\/\/paulvangrieken.nl\/blog\/index.php?rest_route=\/wp\/v2\/posts\/249"}],"collection":[{"href":"http:\/\/paulvangrieken.nl\/blog\/index.php?rest_route=\/wp\/v2\/posts"}],"about":[{"href":"http:\/\/paulvangrieken.nl\/blog\/index.php?rest_route=\/wp\/v2\/types\/post"}],"author":[{"embeddable":true,"href":"http:\/\/paulvangrieken.nl\/blog\/index.php?rest_route=\/wp\/v2\/users\/1"}],"replies":[{"embeddable":true,"href":"http:\/\/paulvangrieken.nl\/blog\/index.php?rest_route=%2Fwp%2Fv2%2Fcomments&post=249"}],"version-history":[{"count":11,"href":"http:\/\/paulvangrieken.nl\/blog\/index.php?rest_route=\/wp\/v2\/posts\/249\/revisions"}],"predecessor-version":[{"id":261,"href":"http:\/\/paulvangrieken.nl\/blog\/index.php?rest_route=\/wp\/v2\/posts\/249\/revisions\/261"}],"wp:attachment":[{"href":"http:\/\/paulvangrieken.nl\/blog\/index.php?rest_route=%2Fwp%2Fv2%2Fmedia&parent=249"}],"wp:term":[{"taxonomy":"category","embeddable":true,"href":"http:\/\/paulvangrieken.nl\/blog\/index.php?rest_route=%2Fwp%2Fv2%2Fcategories&post=249"},{"taxonomy":"post_tag","embeddable":true,"href":"http:\/\/paulvangrieken.nl\/blog\/index.php?rest_route=%2Fwp%2Fv2%2Ftags&post=249"}],"curies":[{"name":"wp","href":"https:\/\/api.w.org\/{rel}","templated":true}]}}