{"id":123,"date":"2011-07-02T14:34:54","date_gmt":"2011-07-02T14:34:54","guid":{"rendered":"http:\/\/paulvangrieken.nl\/blog\/?p=123"},"modified":"2011-07-02T15:02:01","modified_gmt":"2011-07-02T15:02:01","slug":"een-sociaal-masker-voor-een-kille-penningmeester","status":"publish","type":"post","link":"http:\/\/paulvangrieken.nl\/blog\/?p=123","title":{"rendered":"Een sociaal masker voor een kille penningmeester"},"content":{"rendered":"<p><a rel=\"attachment wp-att-124\" href=\"http:\/\/paulvangrieken.nl\/blog\/?attachment_id=124\"><\/a><\/p>\n<div id=\"attachment_124\" style=\"width: 210px\" class=\"wp-caption alignright\"><a rel=\"attachment wp-att-124\" href=\"http:\/\/paulvangrieken.nl\/blog\/?attachment_id=124\"><img aria-describedby=\"caption-attachment-124\" decoding=\"async\" loading=\"lazy\" class=\"size-medium wp-image-124\" title=\"masker\" src=\"http:\/\/paulvangrieken.nl\/blog\/wp-content\/uploads\/2011\/07\/masker-200x133.jpg\" alt=\"Een carnavalsmasker\" width=\"200\" height=\"133\" srcset=\"http:\/\/paulvangrieken.nl\/blog\/wp-content\/uploads\/2011\/07\/masker-200x133.jpg 200w, http:\/\/paulvangrieken.nl\/blog\/wp-content\/uploads\/2011\/07\/masker.jpg 750w\" sizes=\"(max-width: 200px) 100vw, 200px\" \/><\/a><p id=\"caption-attachment-124\" class=\"wp-caption-text\">Sociaal(?) masker<\/p><\/div>\n<p>GroenLinks had bij de <a title=\"Zuid staat er bij en kijkt er naar - algemene beschouwingen van GroenLinks Amsterdam Zuid\" href=\"http:\/\/amsterdamzuid.groenlinks.nl\/node\/70056\" target=\"_blank\">algemene beschouwing<\/a> in stadsdeel Zuid een duidelijke boodschap: wie uitsluitend naar het huishoudboekje kijkt en niet investeert in de stad en zijn mensen, schuift de lasten naar de toekomst.<\/p>\n<p>Bij de <a title=\"perspectiefnota 2012 stadsdeel Zuid\" href=\"http:\/\/zuid.notudoc.nl\/cgi-bin\/showdoc.cgi\/action=view\/id=128577\/type=pdf\/Perspectiefnota_2012_drukversie_Raad_juni_2011.pdf\" target=\"_blank\">perspectiefnota<\/a> had GroenLinks voor 2012 een klein wensje: g\u00e9\u00e9n financi\u00eble drempels voor kleinschalige locaties in de buurt waar burgers eigen  initiatieven een plek geven. Noem het huiskamers van de buurt; &#8216;Welkom&#8217; op de Marathonweg is zo&#8217;n huiskamer van de de buurt. Dit wensje was verwoord in een <a title=\"Amendement GroenLinks en SP kleinschalige locaties (pdf)\" href=\"http:\/\/paulvangrieken.nl\/blog\/?attachment_id=137\">amendement<\/a> dat GroenLinks samen met de SP indiende (en dat niet is aangenomen).<\/p>\n<p>Waarom kleinschalige locaties?<br \/>\n1. Een huiskamer van de buurt is fijner en toegankelijker dan een huis van de wijk, wat een groot bastion met ruimte voor zich suf overleggende instellingen dreigt te worden. Burgerinitiatieven komen bovendien tot stand op het schaalniveau van een buurt, niet van een wijk. Bedenk dat een &#8216;wijk&#8217; in stadsdeel Zuid al gauw meer dan 25.000 inwoners heeft.<br \/>\n2. Juist de meest kwetsbare mensen zijn gebaat bij ondersteuning in hun vertrouwde sociale \u00e9n fysieke omgeving. Denk aan ouderen of mensen die slecht ter been zijn. Of denk aan psychiatrische pati\u00ebnten voor wie een reis naar andere buurt al een hele overwinning is.<br \/>\n3. Een publieke huiskamer in zelfbeheer staat dichter bij de mensen dan een gebouw waarin organisaties en instellingen centralistisch door de overheid worden aangestuurd.<\/p>\n<p>Wat zou het moeten kosten? Ik weet het niet. Maar dat kan bij de begroting duidelijk worden, nadat het dagelijks bestuur heeft gesproken met instellingen die kleinschalige initiatieven mogelijk willen maken. Misschien kost het wel niks, omdat woningcorporaties bereid zijn om de huurderving van een huiskamer van de buurt voor rekening te nemen. Laten we toch een aanname doen: 30.000 euro voor drie huiskamers in de buurt. Ik zou er best wel meer willen, maar je hebt dit ook niet allemaal meteen georganiseerd \u2013 bij succes het kan met de jaren groeien.<\/p>\n<div class=\"mceTemp mceIEcenter\">\n<div id=\"attachment_125\" style=\"width: 373px\" class=\"wp-caption alignleft\"><a rel=\"attachment wp-att-125\" href=\"http:\/\/paulvangrieken.nl\/blog\/?attachment_id=125\"><img aria-describedby=\"caption-attachment-125\" decoding=\"async\" loading=\"lazy\" class=\"size-full wp-image-125\" title=\"huiskamer_in_de_buurt_tov_beleidsruimte\" src=\"http:\/\/paulvangrieken.nl\/blog\/wp-content\/uploads\/2011\/07\/huiskamer_in_de_buurt.png\" alt=\"\" width=\"363\" height=\"282\" srcset=\"http:\/\/paulvangrieken.nl\/blog\/wp-content\/uploads\/2011\/07\/huiskamer_in_de_buurt.png 363w, http:\/\/paulvangrieken.nl\/blog\/wp-content\/uploads\/2011\/07\/huiskamer_in_de_buurt-200x155.png 200w\" sizes=\"(max-width: 363px) 100vw, 363px\" \/><\/a><p id=\"caption-attachment-125\" class=\"wp-caption-text\">Grafiek  1. Het bedrag voor onbenut &#39;nieuw beleid&#39; waarvan volgens GroenLinks een deel  (het groene partje) naar huiskamers-van-de-buurt moet kunnen.<\/p><\/div>\n<\/div>\n<p><strong>Morele chantage<\/strong><br \/>\nVoor de uitvoering van het vernieuwde welzijnsbeleid is een maximaal bedrag beschikbaar van 750.000 euro voor beheerlasten van de locaties. Dit bedrag komt overeen met de huur voor vijf huizen van de wijk. Er is dus geen financi\u00eble ruimte voor een extra plekjes dicht bij de mensen zelf. Tenzij je bereid bent dat bedrag niet als maximum te hanteren. Helaas doet de PvdA dat wel: het totaalbudget voor &#8216;Vernieuwd Welzijn&#8217; is een absoluut en onaantastbaar maximum. Het bedrag daarbinnen voor beheer van locaties is dat ook. Zo kom je automatisch op de schandelijk morele chantage van de PvdA dat de lasten voor een kleinschalig locatie \u201cweer ten koste gaat van een fte\u201d. Terwijl het honderdvoudige van dit bedrag (namelijk 3 miljoen euro) onbenut op de plank ligt als &#8216;ruimte voor nieuw beleid&#8217;. Nieuw beleid dat er niet eens is en waarvoor niet eens plannen zijn om er aan te beginnnen. In grafiek 1 worden deze bedragen in perspectief gezet.<\/p>\n<p>Ik doe een oproep aan alle instellingen die een aanbod willen doen voor de burgers van Zuid: zorg voor kleinschalige initiatieven in de buurt. Maak duidelijk welke kosten daarmee zijn gemoeid. Misschien kost het wel niks, of misschien een beetje extra. Maar in ieder geval wil ik bij de begroting een keuze kunnen maken \u2013 ook zonder amendement op de perspectiefnota.<\/p>\n<p><strong>Bezuinigingsdiscipline<\/strong><\/p>\n<p>Dan de vraag: gaat er niet al genoeg geld naar welzijn? Alsmaar weer geld erbij is toch ook niet goed voor die sector? Ze zouden er maar lui van worden. Ik geloof echt dat een bezuiniging kan werken als een katalysator. Mij zal je dus nooit met een van pijn vertrokken gezicht horen zeggen dat &#8216;bezuinigen niet leuk is nu eenmaal moet&#8217;. Integendeel: bezuinigen moet je <em>willen<\/em> \u2013 anders bereik je nooit iets.<\/p>\n<p>Dus dat extra geld dat GroenLinks wil, is dat niet gewoon gebrek aan bezuinigingsdiscipline? Dan moeten we de bedragen toch even in perspectief zien. Hoeveel geld gaat er om in vernieuwd welzijn? En hoeveel was dat enkele jaren terug?<\/p>\n<div id=\"attachment_127\" style=\"width: 566px\" class=\"wp-caption alignright\"><a rel=\"attachment wp-att-127\" href=\"http:\/\/paulvangrieken.nl\/blog\/?attachment_id=127\"><img aria-describedby=\"caption-attachment-127\" decoding=\"async\" loading=\"lazy\" class=\"size-full wp-image-127\" title=\"budgetvernieuwdwelzijn2\" src=\"http:\/\/paulvangrieken.nl\/blog\/wp-content\/uploads\/2011\/07\/budgetvernieuwdwelzijn2.png\" alt=\"Budget voor vernieuwd welzijn\" width=\"556\" height=\"392\" srcset=\"http:\/\/paulvangrieken.nl\/blog\/wp-content\/uploads\/2011\/07\/budgetvernieuwdwelzijn2.png 556w, http:\/\/paulvangrieken.nl\/blog\/wp-content\/uploads\/2011\/07\/budgetvernieuwdwelzijn2-200x141.png 200w\" sizes=\"(max-width: 556px) 100vw, 556px\" \/><\/a><p id=\"caption-attachment-127\" class=\"wp-caption-text\">Grafiek 2. Budget voor buurthuis- en opbouwwerk, c.q. vernieuwd welzijn in 2012. Bron: antwoord op schriftelijke vragen van GroenLinks<\/p><\/div>\n<p>Grafiek 2 laat zien hoeveel budget er was\/is voor het buurthuis- en opbouwwerk het stadsdeel Zuid (in 2009 Oud-Zuid en Zuideramstel samen). De afname in 2011 is het gevolg van eerder besloten bezuiniging in Oud-Zuid en het niet-voortzetten van incidentele subsidies in het voormalige stadsdeel Zuideramstel. De afname in 2012 is het gevolg van de extra bezuinigingen van PvdA, VVD en D66. In 2012 zie je bovenop ook een klein groen streepje: dat is het wensje van GroenLinks om huiskamers van de buurt mogelijk te maken. Zonder het wensje van GroenLinks \u2013 nu een feit, omdat het amendement niet is aangenomen \u2013 is in 2012 55,9% van het budget bezuinigd. Had de coalitie \u2013 en PvdA voorop \u2013 GroenLinks zijn wensje gegund, dan was nog steeds 55,2% van het budget gekort. Waar hebben we het over?<\/p>\n<p><strong>Hoe sociaal ben je als je een ander kruimels misgunt?<\/strong><\/p>\n<p>Ik vind het wel cynisch dat de coalitie na anderhalf jaar een oppositiepartij zelfs een kruimeltje beleidsruimte misgunt. Voor de PvdA blijkt het huishoudboekje ook van groter belang dan ruimte geven aan nieuw sociaal werk. Het sociale gezicht van PvdA blijkt een masker, waarachter een kille penningmeester schuilgaat.<\/p>\n","protected":false},"excerpt":{"rendered":"<p>GroenLinks had bij de algemene beschouwing in stadsdeel Zuid een duidelijke boodschap: wie uitsluitend naar het huishoudboekje kijkt en niet investeert in de stad en zijn mensen, schuift de lasten naar de toekomst. Bij de perspectiefnota had GroenLinks voor 2012 &hellip; <a href=\"http:\/\/paulvangrieken.nl\/blog\/?p=123\">Verder lezen <span class=\"meta-nav\">&rarr;<\/span><\/a><\/p>\n","protected":false},"author":1,"featured_media":0,"comment_status":"open","ping_status":"open","sticky":false,"template":"","format":"standard","meta":{"footnotes":""},"categories":[3,5],"tags":[24,13,26,25],"_links":{"self":[{"href":"http:\/\/paulvangrieken.nl\/blog\/index.php?rest_route=\/wp\/v2\/posts\/123"}],"collection":[{"href":"http:\/\/paulvangrieken.nl\/blog\/index.php?rest_route=\/wp\/v2\/posts"}],"about":[{"href":"http:\/\/paulvangrieken.nl\/blog\/index.php?rest_route=\/wp\/v2\/types\/post"}],"author":[{"embeddable":true,"href":"http:\/\/paulvangrieken.nl\/blog\/index.php?rest_route=\/wp\/v2\/users\/1"}],"replies":[{"embeddable":true,"href":"http:\/\/paulvangrieken.nl\/blog\/index.php?rest_route=%2Fwp%2Fv2%2Fcomments&post=123"}],"version-history":[{"count":17,"href":"http:\/\/paulvangrieken.nl\/blog\/index.php?rest_route=\/wp\/v2\/posts\/123\/revisions"}],"predecessor-version":[{"id":148,"href":"http:\/\/paulvangrieken.nl\/blog\/index.php?rest_route=\/wp\/v2\/posts\/123\/revisions\/148"}],"wp:attachment":[{"href":"http:\/\/paulvangrieken.nl\/blog\/index.php?rest_route=%2Fwp%2Fv2%2Fmedia&parent=123"}],"wp:term":[{"taxonomy":"category","embeddable":true,"href":"http:\/\/paulvangrieken.nl\/blog\/index.php?rest_route=%2Fwp%2Fv2%2Fcategories&post=123"},{"taxonomy":"post_tag","embeddable":true,"href":"http:\/\/paulvangrieken.nl\/blog\/index.php?rest_route=%2Fwp%2Fv2%2Ftags&post=123"}],"curies":[{"name":"wp","href":"https:\/\/api.w.org\/{rel}","templated":true}]}}